{"content":"<p class=\"MsoNormal\" style=\"margin-bottom: 0.0001pt;\"><img style=\"float: left;\" src=\"../../../assets/media/map_pc_m6.jpg1401792437\" alt=\"\" />&nbsp; &nbsp; &nbsp; &nbsp; &nbsp; &nbsp; <a href=\"../../../staticpages/118\" target=\"_self\">&nbsp; &nbsp; &nbsp;Donne elette consigliere</a></p>\r\n<p class=\"MsoNormal\" style=\"margin-bottom: 0.0001pt;\">&nbsp;</p>\r\n<p class=\"MsoNormal\" style=\"margin-bottom: 0.0001pt; padding-left: 390px;\">Donna eletta presidente di Municipalit&agrave;:&nbsp;Anna Cozzino</p>\r\n<p class=\"MsoNormal\" style=\"margin-bottom: 0.0001pt; padding-left: 390px;\">&nbsp;</p>\r\n<p class=\"MsoNormal\" style=\"margin-bottom: 0.0001pt; padding-left: 390px;\">Donne elette assessori</p>\r\n<p class=\"MsoNormal\" style=\"margin-bottom: 0.0001pt; padding-left: 390px;\">&nbsp;</p>\r\n<p class=\"MsoNormal\" style=\"margin-bottom: 0.0001pt; padding-left: 390px;\"><a href=\"../../../staticpages/129\" target=\"_self\">Donne elette presidente di commissione</a></p>\r\n<p class=\"MsoNormal\" style=\"margin-bottom: 0.0001pt; padding-left: 390px;\">&nbsp;</p>\r\n<p class=\"MsoNormal\" style=\"text-align: center;\"><span style=\"font-family: calibri; font-size: 12pt; line-height: 115%;\"><a href=\"../../../staticpages/47\" target=\"_self\">Municipalit&agrave; precedente &lt;&lt;&lt;</a> &nbsp;&nbsp;&nbsp;&nbsp;&nbsp;&nbsp;<a href=\"../../../staticpages/49\" target=\"_self\">&gt;&gt;&gt; Municipalit&agrave; successiva</a></span></p>","created_at":"2014-04-23T15:26:44+02:00","id":48,"label":"Governance parit\u00e0 di genere Municipalit\u00e0 6","layout":2,"locked":false,"name":"Governance parit\u00e0 di genere 6","pagemenu_id":null,"position":42,"updated_at":"2014-06-16T10:37:18+02:00"}