{"content":"<p class=\"MsoNormal\" style=\"margin-bottom: 0.0001pt;\"><img style=\"float: left;\" src=\"../../../assets/media/map_pc_m3.jpg1401791501\" alt=\"\" />&nbsp; &nbsp; &nbsp; &nbsp; &nbsp; &nbsp; &nbsp; <a href=\"../../../staticpages/115\" target=\"_self\">&nbsp;&nbsp;Donne elette consigliere</a></p>\r\n<p class=\"MsoNormal\" style=\"margin-bottom: 0.0001pt;\">&nbsp;</p>\r\n<p class=\"MsoNormal\" style=\"margin-bottom: 0.0001pt; padding-left: 390px;\">Donna eletta presidente di Municipalit&agrave;: Giuliana Di Sarno</p>\r\n<p class=\"MsoNormal\" style=\"margin-bottom: 0.0001pt; padding-left: 390px;\">&nbsp;</p>\r\n<p class=\"MsoNormal\" style=\"margin-bottom: 0.0001pt; padding-left: 390px;\">Donne elette assessori</p>\r\n<p class=\"MsoNormal\" style=\"margin-bottom: 0.0001pt; padding-left: 390px;\">&nbsp;</p>\r\n<p class=\"MsoNormal\" style=\"margin-bottom: 0.0001pt; padding-left: 390px;\"><a href=\"../../../staticpages/126\" target=\"_self\">Donne elette presidente di commissione</a></p>\r\n<p class=\"MsoNormal\" style=\"text-align: center;\"><span style=\"font-family: calibri; font-size: 12pt; line-height: 115%;\"><a href=\"../../../staticpages/44\" target=\"_self\">Municipalit&agrave; precedente &lt;&lt;&lt;</a> &nbsp;&nbsp;&nbsp;&nbsp;&nbsp;&nbsp;<a href=\"../../../staticpages/46\" target=\"_self\">&gt;&gt;&gt; Municipalit&agrave; successiva</a></span></p>","created_at":"2014-04-23T15:25:19+02:00","id":45,"label":"Governance parit\u00e0 di genere Municipalit\u00e0 3","layout":2,"locked":false,"name":"Governance parit\u00e0 di genere 3","pagemenu_id":null,"position":39,"updated_at":"2014-06-16T10:32:04+02:00"}