{"content":"<p>&nbsp;</p>\r\n<p><img style=\"float: left;\" src=\"../../../assets/media/map_pc_m1.jpg1401789490\" alt=\"\" width=\"400\" height=\"180\" />&nbsp; &nbsp; &nbsp; &nbsp; &nbsp;<a href=\"../../../staticpages/113\" target=\"_self\">&nbsp;Donne&nbsp;&nbsp;elette&nbsp;&nbsp;consigliere&nbsp;</a></p>\r\n<p class=\"MsoNormal\" style=\"padding-left: 420px;\">Donna eletta presidente di Municipalit&agrave;: NESSUNA</p>\r\n<p class=\"MsoNormal\" style=\"padding-left: 420px;\">Donne elette assessori</p>\r\n<p class=\"MsoNormal\" style=\"padding-left: 420px;\"><a href=\"../../../staticpages/124\" target=\"_self\">Donne elette presidente di commissione</a></p>\r\n<p class=\"MsoNormal\" style=\"padding-left: 420px;\">&nbsp;</p>\r\n<p class=\"MsoNormal\" style=\"padding-left: 420px;\"><span style=\"font-family: calibri; font-size: 16px; text-align: center;\">&nbsp;&nbsp;</span><a style=\"font-family: calibri; font-size: 16px; text-align: center;\" href=\"../../../staticpages/44\" target=\"_self\">&nbsp;&gt;&gt;&gt; Municipalit&agrave; successiva</a>&nbsp;</p>\r\n<p class=\"MsoNormal\" style=\"text-align: center;\"><span style=\"font-family: calibri; font-size: 12pt;\">&nbsp; &nbsp;&nbsp;</span></p>","created_at":"2014-04-23T15:24:19+02:00","id":43,"label":"Governance parit\u00e0 di genere Municipalit\u00e0 1","layout":2,"locked":false,"name":"Governance parit\u00e0 di genere 1","pagemenu_id":null,"position":37,"updated_at":"2014-06-16T10:45:51+02:00"}